{"id":17845,"date":"2026-07-30T17:16:39","date_gmt":"2026-07-30T17:16:39","guid":{"rendered":""},"modified":"-0001-11-30T00:00:00","modified_gmt":"-0001-11-30T00:00:00","slug":"die-wichtigsten-termine-im-deutschen-rennkalender-2026","status":"publish","type":"post","link":"https:\/\/www.rosalesvaldetorres.com\/?p=17845","title":{"rendered":"Die wichtigsten Termine im deutschen Rennkalender 2026"},"content":{"rendered":"<h2>Fr\u00fchsaison: M\u00e4rz\u202f\u2013\u202fApril<\/h2>\n<p>Hier geht\u2019s los: Der 12. M\u00e4rz markiert das Auftakt-Meeting in K\u00f6ln, ein Sprint \u00fcber 1.200\u202fm, bei dem die Favoriten sofort Druck machen. Kurz darauf, am 27. April, folgt das Traditionsrennen in N\u00fcrnberg \u2013 1,8\u202fkm, steile Anstiege, kein Platz f\u00fcr Schw\u00e4chlinge. Wer das fr\u00fche Momentum verpasst, schiebt seinen Erfolg ins Hintertreffen.<\/p>\n<h2>Sommerh\u00f6hepunkt: Juni<\/h2>\n<p>Der 5. Juni hei\u00dft: M\u00fcnchner Marathon. 42,195\u202fkm durch das Herz Bayerns, kombiniert mit rauen Panzergel\u00e4nden, ein Test f\u00fcr Ausdauer und Taktik. Zwei Wochen sp\u00e4ter, am 19. Juni, steht das gro\u00dfe Derby in Hamburg an \u2013 2.400\u202fm Flachstrecke, aber die Konkurrenz ist die h\u00e4rteste, die man sich vorstellen kann. Hier entscheidet die Sprungkraft, nicht das Durchhalteverm\u00f6gen.<\/p>\n<h3>Tipps f\u00fcr die Sommerphase<\/h3>\n<p>\u00dcbrigens: Wer auf die schnellen Times in M\u00fcnchen setzen will, sollte ein Auge auf die Trainingsdaten vom April haben. Und hier kommt das Wichtigste: Im Hamburger Derby ist die Startposition fast genauso entscheidend wie das Pferd selbst. Das hei\u00dft: Analysiere die Boxenaufteilungen, bevor du deinen Einsatz festlegst.<\/p>\n<h2>Herbstklassiker: September\u202f\u2013\u202fOktober<\/h2>\n<p>Am 9. September rollt das ber\u00fchmte Rennen in Frankfurt \u00fcber 2,2\u202fkm, ein echter Test f\u00fcr Draufg\u00e4nger. Das Follow\u2011Up am 23. Oktober in Leipzig ist das Finale der Saison, 1,9\u202fkm, aber das Spielfeld ist von internationalen Marken besetzt. Viele denken, das sei nur ein lokaler Showcase \u2013 falsch. Die Quote ist global, die Wetten sind hei\u00df.<\/p>\n<h3>Strategie f\u00fcr den Herbst<\/h3>\n<p>Hier ist der Deal: Setze bei Frankfurt nicht nur auf den Favoriten, sondern pr\u00fcfe die Formkurve der Zweitplatzierten der letzten drei Rennen. Im Oktober wird die Strecke schneller, also profitiere von den schnellen Startgel\u00e4nden, die die meisten Trainer \u00fcbersehen.<\/p>\n<h2>Finale und Ausblick: Dezember<\/h2>\n<p>Der 14. Dezember schlie\u00dft das Jahr mit dem Berliner Winterrennen ab \u2013 Schnee, Eis und 1,5\u202fkm pure Gefahr. Nicht f\u00fcr Anf\u00e4nger, sondern f\u00fcr Profis, die das Risiko lieben. Wer hier clever agiert, lockt sich nicht nur den Gewinn, sondern legt den Grundstein f\u00fcr 2027.<\/p>\n<p>Und hier das abschlie\u00dfende St\u00fcck Advice: Checke das offizielle Rennkalender\u2011PDF heute, setze deinen ersten Euro auf das M\u00fcnchner Marathon\u2011Resultat, und lass das Geld laufen. Jetzt handeln, sonst verpasst du die besten Quoten.<\/p>\n","protected":false},"excerpt":{"rendered":"<p>Fr\u00fchsaison: M\u00e4rz\u202f\u2013\u202fApril Hier geht\u2019s los: Der 12. M\u00e4rz markiert das Auftakt-Meeting in K\u00f6ln, ein Sprint \u00fcber 1.200\u202fm, bei dem die Favoriten sofort Druck machen. Kurz darauf, am 27. April, folgt das Traditionsrennen in N\u00fcrnberg \u2013 1,8\u202fkm, steile Anstiege, kein Platz f\u00fcr Schw\u00e4chlinge. Wer das fr\u00fche Momentum verpasst, schiebt seinen Erfolg ins Hintertreffen. Sommerh\u00f6hepunkt: Juni Der [&hellip;]<\/p>\n","protected":false},"author":84,"featured_media":0,"comment_status":"closed","ping_status":"closed","sticky":false,"template":"","format":"standard","meta":{"footnotes":""},"categories":[],"tags":[],"class_list":["post-17845","post","type-post","status-publish","format-standard","hentry"],"yoast_head":"<!-- This site is optimized with the Yoast SEO plugin v25.9 - https:\/\/yoast.com\/wordpress\/plugins\/seo\/ -->\n<title>Die wichtigsten Termine im deutschen Rennkalender 2026 - Los Rosales<\/title>\n<meta name=\"robots\" content=\"index, follow, max-snippet:-1, max-image-preview:large, max-video-preview:-1\" \/>\n<link rel=\"canonical\" href=\"https:\/\/www.rosalesvaldetorres.com\/?p=17845\" \/>\n<meta property=\"og:locale\" content=\"en_US\" \/>\n<meta property=\"og:type\" content=\"article\" \/>\n<meta property=\"og:title\" content=\"Die wichtigsten Termine im deutschen Rennkalender 2026 - Los Rosales\" \/>\n<meta property=\"og:description\" content=\"Fr\u00fchsaison: M\u00e4rz\u202f\u2013\u202fApril Hier geht\u2019s los: Der 12. M\u00e4rz markiert das Auftakt-Meeting in K\u00f6ln, ein Sprint \u00fcber 1.200\u202fm, bei dem die Favoriten sofort Druck machen. Kurz darauf, am 27. April, folgt das Traditionsrennen in N\u00fcrnberg \u2013 1,8\u202fkm, steile Anstiege, kein Platz f\u00fcr Schw\u00e4chlinge. Wer das fr\u00fche Momentum verpasst, schiebt seinen Erfolg ins Hintertreffen. Sommerh\u00f6hepunkt: Juni Der [&hellip;]\" \/>\n<meta property=\"og:url\" content=\"https:\/\/www.rosalesvaldetorres.com\/?p=17845\" \/>\n<meta property=\"og:site_name\" content=\"Los Rosales\" \/>\n<meta property=\"article:published_time\" content=\"2026-07-30T17:16:39+00:00\" \/>\n<meta property=\"og:image\" content=\"https:\/\/www.rosalesvaldetorres.com\/wp-content\/uploads\/2024\/07\/ImagenWeb.jpg\" \/>\n\t<meta property=\"og:image:width\" content=\"1200\" \/>\n\t<meta property=\"og:image:height\" content=\"675\" \/>\n\t<meta property=\"og:image:type\" content=\"image\/jpeg\" \/>\n<meta name=\"twitter:card\" content=\"summary_large_image\" \/>\n<meta name=\"twitter:label1\" content=\"Written by\" \/>\n\t<meta name=\"twitter:data1\" content=\"\" \/>\n\t<meta name=\"twitter:label2\" content=\"Est. reading time\" \/>\n\t<meta name=\"twitter:data2\" content=\"2 minutes\" \/>\n<script type=\"application\/ld+json\" class=\"yoast-schema-graph\">{\"@context\":\"https:\/\/schema.org\",\"@graph\":[{\"@type\":\"Article\",\"@id\":\"https:\/\/www.rosalesvaldetorres.com\/?p=17845#article\",\"isPartOf\":{\"@id\":\"https:\/\/www.rosalesvaldetorres.com\/?p=17845\"},\"author\":{\"name\":\"\",\"@id\":\"\"},\"headline\":\"Die wichtigsten Termine im deutschen Rennkalender 2026\",\"datePublished\":\"2026-07-30T17:16:39+00:00\",\"mainEntityOfPage\":{\"@id\":\"https:\/\/www.rosalesvaldetorres.com\/?p=17845\"},\"wordCount\":374,\"publisher\":{\"@id\":\"https:\/\/www.rosalesvaldetorres.com\/#organization\"},\"inLanguage\":\"en-US\"},{\"@type\":\"WebPage\",\"@id\":\"https:\/\/www.rosalesvaldetorres.com\/?p=17845\",\"url\":\"https:\/\/www.rosalesvaldetorres.com\/?p=17845\",\"name\":\"Die wichtigsten Termine im deutschen Rennkalender 2026 - Los Rosales\",\"isPartOf\":{\"@id\":\"https:\/\/www.rosalesvaldetorres.com\/#website\"},\"datePublished\":\"2026-07-30T17:16:39+00:00\",\"breadcrumb\":{\"@id\":\"https:\/\/www.rosalesvaldetorres.com\/?p=17845#breadcrumb\"},\"inLanguage\":\"en-US\",\"potentialAction\":[{\"@type\":\"ReadAction\",\"target\":[\"https:\/\/www.rosalesvaldetorres.com\/?p=17845\"]}]},{\"@type\":\"BreadcrumbList\",\"@id\":\"https:\/\/www.rosalesvaldetorres.com\/?p=17845#breadcrumb\",\"itemListElement\":[{\"@type\":\"ListItem\",\"position\":1,\"name\":\"Portada\",\"item\":\"https:\/\/www.rosalesvaldetorres.com\/\"},{\"@type\":\"ListItem\",\"position\":2,\"name\":\"Die wichtigsten Termine im deutschen Rennkalender 2026\"}]},{\"@type\":\"WebSite\",\"@id\":\"https:\/\/www.rosalesvaldetorres.com\/#website\",\"url\":\"https:\/\/www.rosalesvaldetorres.com\/\",\"name\":\"Los Rosales\",\"description\":\"Residencia de mayores con trato familiar y en un entorno tranquilo\",\"publisher\":{\"@id\":\"https:\/\/www.rosalesvaldetorres.com\/#organization\"},\"alternateName\":\"Residencia Los Rosales de Valdetorres de Jarama\",\"potentialAction\":[{\"@type\":\"SearchAction\",\"target\":{\"@type\":\"EntryPoint\",\"urlTemplate\":\"https:\/\/www.rosalesvaldetorres.com\/?s={search_term_string}\"},\"query-input\":{\"@type\":\"PropertyValueSpecification\",\"valueRequired\":true,\"valueName\":\"search_term_string\"}}],\"inLanguage\":\"en-US\"},{\"@type\":\"Organization\",\"@id\":\"https:\/\/www.rosalesvaldetorres.com\/#organization\",\"name\":\"Residencia Los Rosales\",\"alternateName\":\"Residencia Tercera Edad Los Rosales de Valdetorres de Jarama\",\"url\":\"https:\/\/www.rosalesvaldetorres.com\/\",\"logo\":{\"@type\":\"ImageObject\",\"inLanguage\":\"en-US\",\"@id\":\"https:\/\/www.rosalesvaldetorres.com\/#\/schema\/logo\/image\/\",\"url\":\"https:\/\/www.rosalesvaldetorres.com\/wp-content\/uploads\/2024\/07\/Logo.png\",\"contentUrl\":\"https:\/\/www.rosalesvaldetorres.com\/wp-content\/uploads\/2024\/07\/Logo.png\",\"width\":123,\"height\":123,\"caption\":\"Residencia Los Rosales\"},\"image\":{\"@id\":\"https:\/\/www.rosalesvaldetorres.com\/#\/schema\/logo\/image\/\"}},{\"@type\":\"Person\",\"@id\":\"\",\"url\":\"https:\/\/www.rosalesvaldetorres.com\/?author=84\"}]}<\/script>\n<!-- \/ Yoast SEO plugin. -->","yoast_head_json":{"title":"Die wichtigsten Termine im deutschen Rennkalender 2026 - Los Rosales","robots":{"index":"index","follow":"follow","max-snippet":"max-snippet:-1","max-image-preview":"max-image-preview:large","max-video-preview":"max-video-preview:-1"},"canonical":"https:\/\/www.rosalesvaldetorres.com\/?p=17845","og_locale":"en_US","og_type":"article","og_title":"Die wichtigsten Termine im deutschen Rennkalender 2026 - Los Rosales","og_description":"Fr\u00fchsaison: M\u00e4rz\u202f\u2013\u202fApril Hier geht\u2019s los: Der 12. M\u00e4rz markiert das Auftakt-Meeting in K\u00f6ln, ein Sprint \u00fcber 1.200\u202fm, bei dem die Favoriten sofort Druck machen. Kurz darauf, am 27. April, folgt das Traditionsrennen in N\u00fcrnberg \u2013 1,8\u202fkm, steile Anstiege, kein Platz f\u00fcr Schw\u00e4chlinge. Wer das fr\u00fche Momentum verpasst, schiebt seinen Erfolg ins Hintertreffen. Sommerh\u00f6hepunkt: Juni Der [&hellip;]","og_url":"https:\/\/www.rosalesvaldetorres.com\/?p=17845","og_site_name":"Los Rosales","article_published_time":"2026-07-30T17:16:39+00:00","og_image":[{"width":1200,"height":675,"url":"https:\/\/www.rosalesvaldetorres.com\/wp-content\/uploads\/2024\/07\/ImagenWeb.jpg","type":"image\/jpeg"}],"twitter_card":"summary_large_image","twitter_misc":{"Written by":"","Est. reading time":"2 minutes"},"schema":{"@context":"https:\/\/schema.org","@graph":[{"@type":"Article","@id":"https:\/\/www.rosalesvaldetorres.com\/?p=17845#article","isPartOf":{"@id":"https:\/\/www.rosalesvaldetorres.com\/?p=17845"},"author":{"name":"","@id":""},"headline":"Die wichtigsten Termine im deutschen Rennkalender 2026","datePublished":"2026-07-30T17:16:39+00:00","mainEntityOfPage":{"@id":"https:\/\/www.rosalesvaldetorres.com\/?p=17845"},"wordCount":374,"publisher":{"@id":"https:\/\/www.rosalesvaldetorres.com\/#organization"},"inLanguage":"en-US"},{"@type":"WebPage","@id":"https:\/\/www.rosalesvaldetorres.com\/?p=17845","url":"https:\/\/www.rosalesvaldetorres.com\/?p=17845","name":"Die wichtigsten Termine im deutschen Rennkalender 2026 - Los Rosales","isPartOf":{"@id":"https:\/\/www.rosalesvaldetorres.com\/#website"},"datePublished":"2026-07-30T17:16:39+00:00","breadcrumb":{"@id":"https:\/\/www.rosalesvaldetorres.com\/?p=17845#breadcrumb"},"inLanguage":"en-US","potentialAction":[{"@type":"ReadAction","target":["https:\/\/www.rosalesvaldetorres.com\/?p=17845"]}]},{"@type":"BreadcrumbList","@id":"https:\/\/www.rosalesvaldetorres.com\/?p=17845#breadcrumb","itemListElement":[{"@type":"ListItem","position":1,"name":"Portada","item":"https:\/\/www.rosalesvaldetorres.com\/"},{"@type":"ListItem","position":2,"name":"Die wichtigsten Termine im deutschen Rennkalender 2026"}]},{"@type":"WebSite","@id":"https:\/\/www.rosalesvaldetorres.com\/#website","url":"https:\/\/www.rosalesvaldetorres.com\/","name":"Los Rosales","description":"Residencia de mayores con trato familiar y en un entorno tranquilo","publisher":{"@id":"https:\/\/www.rosalesvaldetorres.com\/#organization"},"alternateName":"Residencia Los Rosales de Valdetorres de Jarama","potentialAction":[{"@type":"SearchAction","target":{"@type":"EntryPoint","urlTemplate":"https:\/\/www.rosalesvaldetorres.com\/?s={search_term_string}"},"query-input":{"@type":"PropertyValueSpecification","valueRequired":true,"valueName":"search_term_string"}}],"inLanguage":"en-US"},{"@type":"Organization","@id":"https:\/\/www.rosalesvaldetorres.com\/#organization","name":"Residencia Los Rosales","alternateName":"Residencia Tercera Edad Los Rosales de Valdetorres de Jarama","url":"https:\/\/www.rosalesvaldetorres.com\/","logo":{"@type":"ImageObject","inLanguage":"en-US","@id":"https:\/\/www.rosalesvaldetorres.com\/#\/schema\/logo\/image\/","url":"https:\/\/www.rosalesvaldetorres.com\/wp-content\/uploads\/2024\/07\/Logo.png","contentUrl":"https:\/\/www.rosalesvaldetorres.com\/wp-content\/uploads\/2024\/07\/Logo.png","width":123,"height":123,"caption":"Residencia Los Rosales"},"image":{"@id":"https:\/\/www.rosalesvaldetorres.com\/#\/schema\/logo\/image\/"}},{"@type":"Person","@id":"","url":"https:\/\/www.rosalesvaldetorres.com\/?author=84"}]}},"_links":{"self":[{"href":"https:\/\/www.rosalesvaldetorres.com\/index.php?rest_route=\/wp\/v2\/posts\/17845","targetHints":{"allow":["GET"]}}],"collection":[{"href":"https:\/\/www.rosalesvaldetorres.com\/index.php?rest_route=\/wp\/v2\/posts"}],"about":[{"href":"https:\/\/www.rosalesvaldetorres.com\/index.php?rest_route=\/wp\/v2\/types\/post"}],"author":[{"embeddable":true,"href":"https:\/\/www.rosalesvaldetorres.com\/index.php?rest_route=\/wp\/v2\/users\/84"}],"replies":[{"embeddable":true,"href":"https:\/\/www.rosalesvaldetorres.com\/index.php?rest_route=%2Fwp%2Fv2%2Fcomments&post=17845"}],"version-history":[{"count":0,"href":"https:\/\/www.rosalesvaldetorres.com\/index.php?rest_route=\/wp\/v2\/posts\/17845\/revisions"}],"wp:attachment":[{"href":"https:\/\/www.rosalesvaldetorres.com\/index.php?rest_route=%2Fwp%2Fv2%2Fmedia&parent=17845"}],"wp:term":[{"taxonomy":"category","embeddable":true,"href":"https:\/\/www.rosalesvaldetorres.com\/index.php?rest_route=%2Fwp%2Fv2%2Fcategories&post=17845"},{"taxonomy":"post_tag","embeddable":true,"href":"https:\/\/www.rosalesvaldetorres.com\/index.php?rest_route=%2Fwp%2Fv2%2Ftags&post=17845"}],"curies":[{"name":"wp","href":"https:\/\/api.w.org\/{rel}","templated":true}]}}